{"id":2649,"date":"2019-11-11T13:59:51","date_gmt":"2019-11-11T12:59:51","guid":{"rendered":"https:\/\/arso.hu\/2019\/11\/11\/a-zene-vilagnapja-angol-cim\/"},"modified":"2019-11-11T13:59:51","modified_gmt":"2019-11-11T12:59:51","slug":"a-zene-vilagnapja-angol-cim","status":"publish","type":"post","link":"https:\/\/arso.hu\/en\/a-zene-vilagnapja-angol-cim\/","title":{"rendered":"A zene vil\u00e1gnapja angol c\u00edm"},"content":{"rendered":"<p>[et_pb_section bb_built=&#8221;1&#8243; fullwidth=&#8221;on&#8221; _builder_version=&#8221;3.22.2&#8243; next_background_color=&#8221;#000000&#8243; global_module=&#8221;632&#8243;][et_pb_fullwidth_header global_parent=&#8221;632&#8243; title=&#8221;@ET-DC@eyJkeW5hbWljIjp0cnVlLCJjb250ZW50IjoicG9zdF90aXRsZSIsInNldHRpbmdzIjp7ImJlZm9yZSI6IiIsImFmdGVyIjoiIn19@&#8221; _builder_version=&#8221;3.22.2&#8243; title_text_shadow_style=&#8221;preset2&#8243; background_image=&#8221;https:\/\/arso.hu\/wp-content\/uploads\/2019\/02\/Slide1.jpg&#8221; background_size=&#8221;initial&#8221; background_position=&#8221;top_left&#8221; background_repeat=&#8221;repeat&#8221; z_index_tablet=&#8221;500&#8243; _dynamic_attributes=&#8221;title&#8221; \/][\/et_pb_section][et_pb_section bb_built=&#8221;1&#8243; _builder_version=&#8221;3.22&#8243; prev_background_color=&#8221;#000000&#8243;][et_pb_row _builder_version=&#8221;3.22&#8243; background_size=&#8221;initial&#8221; background_position=&#8221;top_left&#8221; background_repeat=&#8221;repeat&#8221;][et_pb_column type=&#8221;2_3&#8243;][et_pb_text _builder_version=&#8221;3.22.2&#8243; background_size=&#8221;initial&#8221; background_position=&#8221;top_left&#8221; background_repeat=&#8221;repeat&#8221; text_text_shadow_horizontal_length=&#8221;text_text_shadow_style,%91object Object%93&#8243; text_text_shadow_vertical_length=&#8221;text_text_shadow_style,%91object Object%93&#8243; text_text_shadow_blur_strength=&#8221;text_text_shadow_style,%91object Object%93&#8243; link_text_shadow_horizontal_length=&#8221;link_text_shadow_style,%91object Object%93&#8243; link_text_shadow_vertical_length=&#8221;link_text_shadow_style,%91object Object%93&#8243; link_text_shadow_blur_strength=&#8221;link_text_shadow_style,%91object Object%93&#8243; ul_text_shadow_horizontal_length=&#8221;ul_text_shadow_style,%91object Object%93&#8243; ul_text_shadow_vertical_length=&#8221;ul_text_shadow_style,%91object Object%93&#8243; ul_text_shadow_blur_strength=&#8221;ul_text_shadow_style,%91object Object%93&#8243; ol_text_shadow_horizontal_length=&#8221;ol_text_shadow_style,%91object Object%93&#8243; ol_text_shadow_vertical_length=&#8221;ol_text_shadow_style,%91object Object%93&#8243; ol_text_shadow_blur_strength=&#8221;ol_text_shadow_style,%91object Object%93&#8243; quote_text_shadow_horizontal_length=&#8221;quote_text_shadow_style,%91object Object%93&#8243; quote_text_shadow_vertical_length=&#8221;quote_text_shadow_style,%91object Object%93&#8243; quote_text_shadow_blur_strength=&#8221;quote_text_shadow_style,%91object Object%93&#8243; header_text_shadow_horizontal_length=&#8221;header_text_shadow_style,%91object Object%93&#8243; header_text_shadow_vertical_length=&#8221;header_text_shadow_style,%91object Object%93&#8243; header_text_shadow_blur_strength=&#8221;header_text_shadow_style,%91object Object%93&#8243; header_2_text_shadow_horizontal_length=&#8221;header_2_text_shadow_style,%91object Object%93&#8243; header_2_text_shadow_vertical_length=&#8221;header_2_text_shadow_style,%91object Object%93&#8243; header_2_text_shadow_blur_strength=&#8221;header_2_text_shadow_style,%91object Object%93&#8243; header_3_text_shadow_horizontal_length=&#8221;header_3_text_shadow_style,%91object Object%93&#8243; header_3_text_shadow_vertical_length=&#8221;header_3_text_shadow_style,%91object Object%93&#8243; header_3_text_shadow_blur_strength=&#8221;header_3_text_shadow_style,%91object Object%93&#8243; header_4_text_shadow_horizontal_length=&#8221;header_4_text_shadow_style,%91object Object%93&#8243; header_4_text_shadow_vertical_length=&#8221;header_4_text_shadow_style,%91object Object%93&#8243; header_4_text_shadow_blur_strength=&#8221;header_4_text_shadow_style,%91object Object%93&#8243; header_5_text_shadow_horizontal_length=&#8221;header_5_text_shadow_style,%91object Object%93&#8243; header_5_text_shadow_vertical_length=&#8221;header_5_text_shadow_style,%91object Object%93&#8243; header_5_text_shadow_blur_strength=&#8221;header_5_text_shadow_style,%91object Object%93&#8243; header_6_text_shadow_horizontal_length=&#8221;header_6_text_shadow_style,%91object Object%93&#8243; header_6_text_shadow_vertical_length=&#8221;header_6_text_shadow_style,%91object Object%93&#8243; header_6_text_shadow_blur_strength=&#8221;header_6_text_shadow_style,%91object Object%93&#8243; z_index_tablet=&#8221;500&#8243;]<\/p>\n<p style=\"text-align: justify;\"><strong>A V\u00c1ROS ZENEI \u00c9LET\u00c9NEK LEGKIV\u00c1L\u00d3BB K\u00c9PVISEL\u0150I \u00dcNNEPELTEK EGY\u00dcTT A ZENE VIL\u00c1GNAPJ\u00c1N<\/strong><\/p>\n<p style=\"text-align: justify;\">Okt\u00f3ber 1-j\u00e9n ism\u00e9t egy\u00fctt \u00fcnnepeltek a zenebar\u00e1tok az Alba Regia Sportcsarnokban. A zene vil\u00e1gnapja alkalm\u00e1b\u00f3l megrendezett esem\u00e9nyen a v\u00e1ros feln\u0151tt \u00e9s gyermekk\u00f3rusai, szimfonikus zenekara \u00e9s n\u00e9pzenei egy\u00fcttesei l\u00e9ptek fel \u00e9s \u00e1tadt\u00e1k Sz\u00e9kesfeh\u00e9rv\u00e1r zenei elismer\u00e9s\u00e9t, a Fricsay-d\u00edjat is a Primavera k\u00f3rusnak.<br \/>Sz\u00e9kesfeh\u00e9rv\u00e1ron k\u00e9t \u00e9vtizedes hagyom\u00e1ny, hogy okt\u00f3ber 1-j\u00e9n a v\u00e1ros zenei \u00e9let\u00e9nek legkiv\u00e1l\u00f3bb k\u00e9pvisel\u0151i: k\u00f3rusok, zenekarok, hangszeres m\u0171v\u00e9szek, n\u00e9pzen\u00e9szek egy\u00fctt \u00e9nekelnek, muzsik\u00e1lnak.<br \/>A megnyit\u00f3n Cser-Palkovics Andr\u00e1s polg\u00e1rmester felid\u00e9zte a mai d\u00e9lut\u00e1n zen\u00e9vel kapcsolatos \u00e9lm\u00e9nyeit, amikor a v\u00e1ros f\u0151ter\u00e9n a hermannos di\u00e1kok adtak koncertet a zene vil\u00e1gnapja alkalm\u00e1b\u00f3l \u00e9s a Rotary Klub Tehets\u00e9ggondoz\u00f3 Programja keret\u00e9ben zen\u00e9vel foglalkoz\u00f3 fiatalokat t\u00e1mogattak. <em>&#8220;Ma este pedig sz\u00e1mos tehets\u00e9ges zenei k\u00f6z\u00f6ss\u00e9ggel fogunk tal\u00e1lkozni, ez is jelzi a v\u00e1ros kultur\u00e1lis \u00e9let\u00e9nek soksz\u00edn\u0171s\u00e9g\u00e9t.&#8221;<\/em>\u00a0&#8211; tette hozz\u00e1 a polg\u00e1rmester.\u00a0A hagyom\u00e1nyokhoz h\u0171en id\u00e9n is nagyszab\u00e1s\u00fa hangversenyt rendeztek, t\u00f6bb mint f\u00e9lezer fell\u00e9p\u0151 r\u00e9szv\u00e9tel\u00e9vel a zene vil\u00e1gnapja alkalm\u00e1b\u00f3l az Alba Regia Sportcsarnokban. Azt est folyam\u00e1n ker\u00fclt sor a Fricsay Rich\u00e1rd Zenei D\u00edj, valamint az \u00c9nekl\u0151 Ifj\u00fas\u00e1g Okleveleinek \u00e1tad\u00e1s\u00e1ra is.<br \/>A Fricsay d\u00edjat id\u00e9n a Primavera k\u00f3rus vehette \u00e1t a v\u00e1ros zenei \u00e9let\u00e9ben t\u00f6bb \u00e9vtizeden \u00e1t kifejtett kiemelked\u0151 zenei munk\u00e1ss\u00e1g\u00e1nak elismer\u00e9s\u00e9\u00fcl.<\/p>\n<p><img loading=\"lazy\" decoding=\"async\" class=\"aligncenter wp-image-1975\" src=\"https:\/\/arso.hu\/wp-content\/uploads\/2019\/10\/fricsay-1024x682.jpg\" alt=\"\" width=\"665\" height=\"443\" srcset=\"https:\/\/arso.hu\/wp-content\/uploads\/2019\/10\/fricsay-1024x682.jpg 1024w, https:\/\/arso.hu\/wp-content\/uploads\/2019\/10\/fricsay-300x200.jpg 300w, https:\/\/arso.hu\/wp-content\/uploads\/2019\/10\/fricsay-768x511.jpg 768w, https:\/\/arso.hu\/wp-content\/uploads\/2019\/10\/fricsay-1080x719.jpg 1080w, https:\/\/arso.hu\/wp-content\/uploads\/2019\/10\/fricsay.jpg 1280w\" sizes=\"auto, (max-width: 665px) 100vw, 665px\" \/><\/p>\n<p style=\"text-align: justify;\">A Hor\u00e1nyi Ottilia vezet\u00e9s\u00e9vel alakult Primavera K\u00f3rus az elm\u00falt k\u00f6zel f\u00e9l \u00e9vsz\u00e1da be\u00edrta mag\u00e1t a v\u00e1ros zenei \u00e9let\u00e9nek t\u00f6rt\u00e9nelm\u00e9be. A szakmai-m\u0171v\u00e9szi munk\u00e1n t\u00fal v\u00e1llalt feladatuk a k\u00f3ruskapcsolatok \u00e1pol\u00e1sa, a koron\u00e1z\u00f3v\u00e1ros testv\u00e9rv\u00e1rosi kapcsolatainak er\u0151s\u00edt\u00e9se, t\u00f6rt\u00e9nelmi \u00e9s kultur\u00e1lis h\u00edrnev\u00e9nek m\u00e9lt\u00f3 \u00f6regb\u00edt\u00e9se. Az egy\u00fcttes reperto\u00e1rja a zeneirodalom sz\u00e9les sk\u00e1l\u00e1j\u00e1t \u00f6leli fel. Rendszeresen \u00e9nekelnek orsz\u00e1gos rendezv\u00e9nyeken, \u00f6n\u00e1ll\u00f3 koncerteken, \u00fcnnepi hangversenyeken. M\u0171sorukon sz\u00e1mos nagyszab\u00e1s\u00fa orat\u00f3rikus m\u0171 is megtal\u00e1lhat\u00f3. T\u00f6bb nemzetk\u00f6zi k\u00f3rusfesztiv\u00e1lon vettek r\u00e9szt Spanyolorsz\u00e1gt\u00f3l Olaszorsz\u00e1gon \u00e9s Ausztri\u00e1n \u00e1t Bulg\u00e1ri\u00e1ig. Testv\u00e9rv\u00e1rosi \u00e9s k\u00f3ruskapcsolataik r\u00e9v\u00e9n szerepeltek t\u00f6bbek k\u00f6z\u00f6tt Finnorsz\u00e1gban, \u00c9sztorsz\u00e1gban, Angli\u00e1ban. T\u00f6bbsz\u00f6r koncerteztek Erd\u00e9lyben, Gal\u00e1nt\u00e1n \u00e9s Opol\u00e9ban.\u00a0Legrangosabb eredm\u00e9nyeik k\u00f6z\u00fcl b\u00fcszk\u00e9k lehetnek a III. Budapesti Nemzetk\u00f6zi K\u00f3rusversenyen\u00a0\u201eB\u201dkateg\u00f3ri\u00e1ban szerzett \u201eArany&#8221; min\u0151s\u00edt\u00e9sre. Az \u00c9nekl\u0151 Magyarorsz\u00e1g min\u0151s\u00edt\u0151 hangversenyen kapott \u201eHangversenyk\u00f3rus cum laude&#8221; fokozatra, valamint a Kod\u00e1ly Zolt\u00e1n 1. Magyar K\u00f3rusversenyen\u00a0nyert \u201eD\u00edszoklev\u00e9l\u201d-re egyar\u00e1nt. Nemzetk\u00f6zi versenyeken Szlov\u00e1ki\u00e1b\u00f3l \u00e9s Szlov\u00e9ni\u00e1b\u00f3l is \u201eEz\u00fcst\u00a0Diplom\u00e1val\u201d t\u00e9rtek haza.\u00a0T\u00f6bb alkalommal szerepeltek nagy sikerrel a Magyar R\u00e1di\u00f3 K\u00f3rusp\u00f3dium m\u0171sor\u00e1ban. A N\u00e9pm\u0171vel\u00e9si\u00a0Int\u00e9zet \u201eKiv\u00e1l\u00f3 egy\u00fcttese&#8221; c\u00edm, \u201eFej\u00e9r megyei K\u00f6zm\u0171vel\u0151d\u00e9si D\u00edj&#8221; \u00e9s \u201eSz\u00e9kesfeh\u00e9rv\u00e1r\u00e9rt&#8221; kit\u00fcntet\u00e9s b\u00fcszke birtokosai. Az elm\u00falt k\u00f6zel f\u00e9l \u00e9vsz\u00e1zad alatt t\u00f6bb kort\u00e1rs zeneszerz\u0151 m\u0171v\u00e9t mutatt\u00e1k be. \u00d6t\u00a0\u00f6n\u00e1ll\u00f3 lemezt adtak ki.\u00a0Karnagyuk, Hor\u00e1nyi Ottilia v\u00e1rosunk rangos zenei \u00e9lt\u00e9nek legend\u00e1s alakja, a Magyar Kod\u00e1ly T\u00e1rsas\u00e1g\u00a0tagja, a Sz\u00e9kesfeh\u00e9rv\u00e1r\u00e9rt d\u00edj, a Fricsay Rich\u00e1rd Zenei D\u00edj, a Pro Civitate Eml\u00e9k\u00e9rem, a Fej\u00e9r megyei\u00a0Prima-d\u00edj birtokosa.<br \/>A zenei vil\u00e1gnapon a Feh\u00e9rv\u00e1ri \u00d6sszkar dallal k\u00f6sz\u00f6nt\u00f6tte Auth \u00c1gnes karnagyot nyugd\u00edjba vonul\u00e1sa alkalm\u00e1b\u00f3l.<\/p>\n<p><img loading=\"lazy\" decoding=\"async\" class=\"aligncenter wp-image-1977\" src=\"https:\/\/arso.hu\/wp-content\/uploads\/2019\/10\/auth-1024x682.jpg\" alt=\"\" width=\"666\" height=\"443\" srcset=\"https:\/\/arso.hu\/wp-content\/uploads\/2019\/10\/auth-1024x682.jpg 1024w, https:\/\/arso.hu\/wp-content\/uploads\/2019\/10\/auth-300x200.jpg 300w, https:\/\/arso.hu\/wp-content\/uploads\/2019\/10\/auth-768x511.jpg 768w, https:\/\/arso.hu\/wp-content\/uploads\/2019\/10\/auth-1080x719.jpg 1080w, https:\/\/arso.hu\/wp-content\/uploads\/2019\/10\/auth.jpg 1280w\" sizes=\"auto, (max-width: 666px) 100vw, 666px\" \/><\/p>\n<p style=\"text-align: justify;\">A gyermekek, feln\u0151ttek, egykori tan\u00edtv\u00e1nyok k\u00f6z\u00f6sen el\u00e9nekelt\u00e9k B\u00e1rdos Lajos: T\u00e1bort\u0171zn\u00e9l c\u00edm\u0171 m\u0171v\u00e9t. A nyugd\u00edjba vonul\u00f3 pedag\u00f3gus kimagasl\u00f3 karnagyi tev\u00e9kenys\u00e9g\u00e9t \u00e9s k\u00f3rusnevel\u0151 munk\u00e1ss\u00e1g\u00e1t 2019-ben Sz\u00e9kesfeh\u00e9rv\u00e1r V\u00e1rosa \u201cPro Civitate\u201d d\u00edjjal ismerte el<\/p>\n<p>forr\u00e1s:\u00a0<a href=\"http:\/\/www.szekesfehervar.hu\/\">www.szekesfehervar.hu<\/a> sz\u00f6veg: G\u00e1sp\u00e1r P\u00e9ter, fot\u00f3: Simon Erika<\/p>\n<p>[\/et_pb_text][\/et_pb_column][et_pb_column type=&#8221;1_3&#8243;][et_pb_sidebar area=&#8221;sidebar-1&#8243; _builder_version=&#8221;3.22.2&#8243; z_index_tablet=&#8221;500&#8243; \/][\/et_pb_column][\/et_pb_row][\/et_pb_section]<\/p>\n","protected":false},"excerpt":{"rendered":"<p>A V\u00c1ROS ZENEI \u00c9LET\u00c9NEK LEGKIV\u00c1L\u00d3BB K\u00c9PVISEL\u0150I \u00dcNNEPELTEK EGY\u00dcTT A ZENE VIL\u00c1GNAPJ\u00c1N Okt\u00f3ber 1-j\u00e9n ism\u00e9t egy\u00fctt \u00fcnnepeltek a zenebar\u00e1tok az Alba Regia Sportcsarnokban. A zene vil\u00e1gnapja alkalm\u00e1b\u00f3l megrendezett esem\u00e9nyen a v\u00e1ros feln\u0151tt \u00e9s gyermekk\u00f3rusai, szimfonikus zenekara \u00e9s n\u00e9pzenei egy\u00fcttesei l\u00e9ptek fel \u00e9s \u00e1tadt\u00e1k Sz\u00e9kesfeh\u00e9rv\u00e1r zenei elismer\u00e9s\u00e9t, a Fricsay-d\u00edjat is a Primavera k\u00f3rusnak.Sz\u00e9kesfeh\u00e9rv\u00e1ron k\u00e9t \u00e9vtizedes hagyom\u00e1ny, hogy [&hellip;]<\/p>\n","protected":false},"author":10,"featured_media":1980,"comment_status":"closed","ping_status":"closed","sticky":false,"template":"","format":"standard","meta":{"_et_pb_use_builder":"on","_et_pb_old_content":"","_et_gb_content_width":"","footnotes":""},"categories":[42],"tags":[],"class_list":["post-2649","post","type-post","status-publish","format-standard","has-post-thumbnail","hentry","category-news"],"yoast_head":"<!-- This site is optimized with the Yoast SEO plugin v24.6 - https:\/\/yoast.com\/wordpress\/plugins\/seo\/ -->\n<title>A zene vil\u00e1gnapja angol c\u00edm - Alba Regia Szimfonikus Zenekar<\/title>\n<meta name=\"robots\" content=\"index, follow, max-snippet:-1, max-image-preview:large, max-video-preview:-1\" \/>\n<link rel=\"canonical\" href=\"https:\/\/arso.hu\/en\/a-zene-vilagnapja-angol-cim\/\" \/>\n<meta property=\"og:locale\" content=\"en_US\" \/>\n<meta property=\"og:type\" content=\"article\" \/>\n<meta property=\"og:title\" content=\"A zene vil\u00e1gnapja angol c\u00edm - Alba Regia Szimfonikus Zenekar\" \/>\n<meta property=\"og:description\" content=\"A V\u00c1ROS ZENEI \u00c9LET\u00c9NEK LEGKIV\u00c1L\u00d3BB K\u00c9PVISEL\u0150I \u00dcNNEPELTEK EGY\u00dcTT A ZENE VIL\u00c1GNAPJ\u00c1N Okt\u00f3ber 1-j\u00e9n ism\u00e9t egy\u00fctt \u00fcnnepeltek a zenebar\u00e1tok az Alba Regia Sportcsarnokban. A zene vil\u00e1gnapja alkalm\u00e1b\u00f3l megrendezett esem\u00e9nyen a v\u00e1ros feln\u0151tt \u00e9s gyermekk\u00f3rusai, szimfonikus zenekara \u00e9s n\u00e9pzenei egy\u00fcttesei l\u00e9ptek fel \u00e9s \u00e1tadt\u00e1k Sz\u00e9kesfeh\u00e9rv\u00e1r zenei elismer\u00e9s\u00e9t, a Fricsay-d\u00edjat is a Primavera k\u00f3rusnak.Sz\u00e9kesfeh\u00e9rv\u00e1ron k\u00e9t \u00e9vtizedes hagyom\u00e1ny, hogy [&hellip;]\" \/>\n<meta property=\"og:url\" content=\"https:\/\/arso.hu\/en\/a-zene-vilagnapja-angol-cim\/\" \/>\n<meta property=\"og:site_name\" content=\"Alba Regia Szimfonikus Zenekar\" \/>\n<meta property=\"article:published_time\" content=\"2019-11-11T12:59:51+00:00\" \/>\n<meta property=\"og:image\" content=\"https:\/\/arso.hu\/wp-content\/uploads\/2019\/10\/zenevil\u00e1gna.jpg\" \/>\n\t<meta property=\"og:image:width\" content=\"1280\" \/>\n\t<meta property=\"og:image:height\" content=\"852\" \/>\n\t<meta property=\"og:image:type\" content=\"image\/jpeg\" \/>\n<meta name=\"author\" content=\"L\u0151rincz Mikl\u00f3s\" \/>\n<meta name=\"twitter:card\" content=\"summary_large_image\" \/>\n<meta name=\"twitter:label1\" content=\"Written by\" \/>\n\t<meta name=\"twitter:data1\" content=\"L\u0151rincz Mikl\u00f3s\" \/>\n\t<meta name=\"twitter:label2\" content=\"Est. reading time\" \/>\n\t<meta name=\"twitter:data2\" content=\"6 minutes\" \/>\n<script type=\"application\/ld+json\" class=\"yoast-schema-graph\">{\"@context\":\"https:\/\/schema.org\",\"@graph\":[{\"@type\":\"WebPage\",\"@id\":\"https:\/\/arso.hu\/en\/a-zene-vilagnapja-angol-cim\/\",\"url\":\"https:\/\/arso.hu\/en\/a-zene-vilagnapja-angol-cim\/\",\"name\":\"A zene vil\u00e1gnapja angol c\u00edm - Alba Regia Szimfonikus Zenekar\",\"isPartOf\":{\"@id\":\"https:\/\/arso.hu\/en\/#website\"},\"primaryImageOfPage\":{\"@id\":\"https:\/\/arso.hu\/en\/a-zene-vilagnapja-angol-cim\/#primaryimage\"},\"image\":{\"@id\":\"https:\/\/arso.hu\/en\/a-zene-vilagnapja-angol-cim\/#primaryimage\"},\"thumbnailUrl\":\"https:\/\/arso.hu\/wp-content\/uploads\/2019\/10\/zenevil\u00e1gna.jpg\",\"datePublished\":\"2019-11-11T12:59:51+00:00\",\"author\":{\"@id\":\"https:\/\/arso.hu\/en\/#\/schema\/person\/62f6badcf004171096cb12f960dea52a\"},\"breadcrumb\":{\"@id\":\"https:\/\/arso.hu\/en\/a-zene-vilagnapja-angol-cim\/#breadcrumb\"},\"inLanguage\":\"en-US\",\"potentialAction\":[{\"@type\":\"ReadAction\",\"target\":[\"https:\/\/arso.hu\/en\/a-zene-vilagnapja-angol-cim\/\"]}]},{\"@type\":\"ImageObject\",\"inLanguage\":\"en-US\",\"@id\":\"https:\/\/arso.hu\/en\/a-zene-vilagnapja-angol-cim\/#primaryimage\",\"url\":\"https:\/\/arso.hu\/wp-content\/uploads\/2019\/10\/zenevil\u00e1gna.jpg\",\"contentUrl\":\"https:\/\/arso.hu\/wp-content\/uploads\/2019\/10\/zenevil\u00e1gna.jpg\",\"width\":1280,\"height\":852},{\"@type\":\"BreadcrumbList\",\"@id\":\"https:\/\/arso.hu\/en\/a-zene-vilagnapja-angol-cim\/#breadcrumb\",\"itemListElement\":[{\"@type\":\"ListItem\",\"position\":1,\"name\":\"Home\",\"item\":\"https:\/\/arso.hu\/en\/\"},{\"@type\":\"ListItem\",\"position\":2,\"name\":\"A zene vil\u00e1gnapja angol c\u00edm\"}]},{\"@type\":\"WebSite\",\"@id\":\"https:\/\/arso.hu\/en\/#website\",\"url\":\"https:\/\/arso.hu\/en\/\",\"name\":\"Alba Regia Szimfonikus Zenekar\",\"description\":\"Min\u0151s\u00e9gi komolyzene Sz\u00e9kesfeh\u00e9rv\u00e1ron\",\"potentialAction\":[{\"@type\":\"SearchAction\",\"target\":{\"@type\":\"EntryPoint\",\"urlTemplate\":\"https:\/\/arso.hu\/en\/?s={search_term_string}\"},\"query-input\":{\"@type\":\"PropertyValueSpecification\",\"valueRequired\":true,\"valueName\":\"search_term_string\"}}],\"inLanguage\":\"en-US\"},{\"@type\":\"Person\",\"@id\":\"https:\/\/arso.hu\/en\/#\/schema\/person\/62f6badcf004171096cb12f960dea52a\",\"name\":\"L\u0151rincz Mikl\u00f3s\",\"url\":\"https:\/\/arso.hu\/en\/author\/programszervezo\/\"}]}<\/script>\n<!-- \/ Yoast SEO plugin. -->","yoast_head_json":{"title":"A zene vil\u00e1gnapja angol c\u00edm - Alba Regia Szimfonikus Zenekar","robots":{"index":"index","follow":"follow","max-snippet":"max-snippet:-1","max-image-preview":"max-image-preview:large","max-video-preview":"max-video-preview:-1"},"canonical":"https:\/\/arso.hu\/en\/a-zene-vilagnapja-angol-cim\/","og_locale":"en_US","og_type":"article","og_title":"A zene vil\u00e1gnapja angol c\u00edm - Alba Regia Szimfonikus Zenekar","og_description":"A V\u00c1ROS ZENEI \u00c9LET\u00c9NEK LEGKIV\u00c1L\u00d3BB K\u00c9PVISEL\u0150I \u00dcNNEPELTEK EGY\u00dcTT A ZENE VIL\u00c1GNAPJ\u00c1N Okt\u00f3ber 1-j\u00e9n ism\u00e9t egy\u00fctt \u00fcnnepeltek a zenebar\u00e1tok az Alba Regia Sportcsarnokban. A zene vil\u00e1gnapja alkalm\u00e1b\u00f3l megrendezett esem\u00e9nyen a v\u00e1ros feln\u0151tt \u00e9s gyermekk\u00f3rusai, szimfonikus zenekara \u00e9s n\u00e9pzenei egy\u00fcttesei l\u00e9ptek fel \u00e9s \u00e1tadt\u00e1k Sz\u00e9kesfeh\u00e9rv\u00e1r zenei elismer\u00e9s\u00e9t, a Fricsay-d\u00edjat is a Primavera k\u00f3rusnak.Sz\u00e9kesfeh\u00e9rv\u00e1ron k\u00e9t \u00e9vtizedes hagyom\u00e1ny, hogy [&hellip;]","og_url":"https:\/\/arso.hu\/en\/a-zene-vilagnapja-angol-cim\/","og_site_name":"Alba Regia Szimfonikus Zenekar","article_published_time":"2019-11-11T12:59:51+00:00","og_image":[{"width":1280,"height":852,"url":"https:\/\/arso.hu\/wp-content\/uploads\/2019\/10\/zenevil\u00e1gna.jpg","type":"image\/jpeg"}],"author":"L\u0151rincz Mikl\u00f3s","twitter_card":"summary_large_image","twitter_misc":{"Written by":"L\u0151rincz Mikl\u00f3s","Est. reading time":"6 minutes"},"schema":{"@context":"https:\/\/schema.org","@graph":[{"@type":"WebPage","@id":"https:\/\/arso.hu\/en\/a-zene-vilagnapja-angol-cim\/","url":"https:\/\/arso.hu\/en\/a-zene-vilagnapja-angol-cim\/","name":"A zene vil\u00e1gnapja angol c\u00edm - Alba Regia Szimfonikus Zenekar","isPartOf":{"@id":"https:\/\/arso.hu\/en\/#website"},"primaryImageOfPage":{"@id":"https:\/\/arso.hu\/en\/a-zene-vilagnapja-angol-cim\/#primaryimage"},"image":{"@id":"https:\/\/arso.hu\/en\/a-zene-vilagnapja-angol-cim\/#primaryimage"},"thumbnailUrl":"https:\/\/arso.hu\/wp-content\/uploads\/2019\/10\/zenevil\u00e1gna.jpg","datePublished":"2019-11-11T12:59:51+00:00","author":{"@id":"https:\/\/arso.hu\/en\/#\/schema\/person\/62f6badcf004171096cb12f960dea52a"},"breadcrumb":{"@id":"https:\/\/arso.hu\/en\/a-zene-vilagnapja-angol-cim\/#breadcrumb"},"inLanguage":"en-US","potentialAction":[{"@type":"ReadAction","target":["https:\/\/arso.hu\/en\/a-zene-vilagnapja-angol-cim\/"]}]},{"@type":"ImageObject","inLanguage":"en-US","@id":"https:\/\/arso.hu\/en\/a-zene-vilagnapja-angol-cim\/#primaryimage","url":"https:\/\/arso.hu\/wp-content\/uploads\/2019\/10\/zenevil\u00e1gna.jpg","contentUrl":"https:\/\/arso.hu\/wp-content\/uploads\/2019\/10\/zenevil\u00e1gna.jpg","width":1280,"height":852},{"@type":"BreadcrumbList","@id":"https:\/\/arso.hu\/en\/a-zene-vilagnapja-angol-cim\/#breadcrumb","itemListElement":[{"@type":"ListItem","position":1,"name":"Home","item":"https:\/\/arso.hu\/en\/"},{"@type":"ListItem","position":2,"name":"A zene vil\u00e1gnapja angol c\u00edm"}]},{"@type":"WebSite","@id":"https:\/\/arso.hu\/en\/#website","url":"https:\/\/arso.hu\/en\/","name":"Alba Regia Szimfonikus Zenekar","description":"Min\u0151s\u00e9gi komolyzene Sz\u00e9kesfeh\u00e9rv\u00e1ron","potentialAction":[{"@type":"SearchAction","target":{"@type":"EntryPoint","urlTemplate":"https:\/\/arso.hu\/en\/?s={search_term_string}"},"query-input":{"@type":"PropertyValueSpecification","valueRequired":true,"valueName":"search_term_string"}}],"inLanguage":"en-US"},{"@type":"Person","@id":"https:\/\/arso.hu\/en\/#\/schema\/person\/62f6badcf004171096cb12f960dea52a","name":"L\u0151rincz Mikl\u00f3s","url":"https:\/\/arso.hu\/en\/author\/programszervezo\/"}]}},"_links":{"self":[{"href":"https:\/\/arso.hu\/en\/wp-json\/wp\/v2\/posts\/2649","targetHints":{"allow":["GET"]}}],"collection":[{"href":"https:\/\/arso.hu\/en\/wp-json\/wp\/v2\/posts"}],"about":[{"href":"https:\/\/arso.hu\/en\/wp-json\/wp\/v2\/types\/post"}],"author":[{"embeddable":true,"href":"https:\/\/arso.hu\/en\/wp-json\/wp\/v2\/users\/10"}],"replies":[{"embeddable":true,"href":"https:\/\/arso.hu\/en\/wp-json\/wp\/v2\/comments?post=2649"}],"version-history":[{"count":1,"href":"https:\/\/arso.hu\/en\/wp-json\/wp\/v2\/posts\/2649\/revisions"}],"predecessor-version":[{"id":2650,"href":"https:\/\/arso.hu\/en\/wp-json\/wp\/v2\/posts\/2649\/revisions\/2650"}],"wp:featuredmedia":[{"embeddable":true,"href":"https:\/\/arso.hu\/en\/wp-json\/wp\/v2\/media\/1980"}],"wp:attachment":[{"href":"https:\/\/arso.hu\/en\/wp-json\/wp\/v2\/media?parent=2649"}],"wp:term":[{"taxonomy":"category","embeddable":true,"href":"https:\/\/arso.hu\/en\/wp-json\/wp\/v2\/categories?post=2649"},{"taxonomy":"post_tag","embeddable":true,"href":"https:\/\/arso.hu\/en\/wp-json\/wp\/v2\/tags?post=2649"}],"curies":[{"name":"wp","href":"https:\/\/api.w.org\/{rel}","templated":true}]}}