{"id":2622,"date":"2019-11-08T12:14:48","date_gmt":"2019-11-08T11:14:48","guid":{"rendered":"https:\/\/arso.hu\/2019\/11\/08\/nepdalok-es-muzenek-partitura\/"},"modified":"2019-11-08T15:39:46","modified_gmt":"2019-11-08T14:39:46","slug":"nepdalok-es-muzenek-partitura","status":"publish","type":"post","link":"https:\/\/arso.hu\/en\/nepdalok-es-muzenek-partitura\/","title":{"rendered":"Folk songs and music &#8211; PartiT\u00fara"},"content":{"rendered":"<p>[et_pb_section bb_built=&#8221;1&#8243; fullwidth=&#8221;on&#8221; _builder_version=&#8221;3.22.2&#8243; next_background_color=&#8221;#000000&#8243; global_module=&#8221;632&#8243;][et_pb_fullwidth_header global_parent=&#8221;632&#8243; title=&#8221;@ET-DC@eyJkeW5hbWljIjp0cnVlLCJjb250ZW50IjoicG9zdF90aXRsZSIsInNldHRpbmdzIjp7ImJlZm9yZSI6IiIsImFmdGVyIjoiIn19@&#8221; _builder_version=&#8221;3.22.2&#8243; title_text_shadow_style=&#8221;preset2&#8243; background_image=&#8221;https:\/\/arso.hu\/wp-content\/uploads\/2019\/02\/Slide1.jpg&#8221; background_size=&#8221;initial&#8221; background_position=&#8221;top_left&#8221; background_repeat=&#8221;repeat&#8221; z_index_tablet=&#8221;500&#8243; _dynamic_attributes=&#8221;title&#8221; \/][\/et_pb_section][et_pb_section bb_built=&#8221;1&#8243; _builder_version=&#8221;3.22&#8243; custom_padding=&#8221;||0px|||&#8221; prev_background_color=&#8221;#000000&#8243;][et_pb_row gutter_width=&#8221;1&#8243; _builder_version=&#8221;3.22.2&#8243; background_size=&#8221;initial&#8221; background_position=&#8221;top_left&#8221; background_repeat=&#8221;repeat&#8221; use_custom_gutter=&#8221;on&#8221; module_alignment=&#8221;center&#8221; z_index_tablet=&#8221;500&#8243;][et_pb_column type=&#8221;4_4&#8243;][et_pb_gallery posts_number=&#8221;100&#8243; show_title_and_caption=&#8221;off&#8221; show_pagination=&#8221;off&#8221; _builder_version=&#8221;3.22.2&#8243; gallery_ids=&#8221;2367,2405,2403,2401,2399,2397,2409,2407,2395,2393,2391,2389,2387,2385,2383,2381,2379,2377,2375,2373,2371,2369&#8243; hover_overlay_color=&#8221;rgba(255,255,255,0.9)&#8221; text_shadow_horizontal_length=&#8221;text_shadow_style,%91object Object%93&#8243; text_shadow_vertical_length=&#8221;text_shadow_style,%91object Object%93&#8243; text_shadow_blur_strength=&#8221;text_shadow_style,%91object Object%93&#8243; title_text_shadow_horizontal_length=&#8221;title_text_shadow_style,%91object Object%93&#8243; title_text_shadow_vertical_length=&#8221;title_text_shadow_style,%91object Object%93&#8243; title_text_shadow_blur_strength=&#8221;title_text_shadow_style,%91object Object%93&#8243; caption_text_shadow_horizontal_length=&#8221;caption_text_shadow_style,%91object Object%93&#8243; caption_text_shadow_vertical_length=&#8221;caption_text_shadow_style,%91object Object%93&#8243; caption_text_shadow_blur_strength=&#8221;caption_text_shadow_style,%91object Object%93&#8243; pagination_text_shadow_horizontal_length=&#8221;pagination_text_shadow_style,%91object Object%93&#8243; pagination_text_shadow_vertical_length=&#8221;pagination_text_shadow_style,%91object Object%93&#8243; pagination_text_shadow_blur_strength=&#8221;pagination_text_shadow_style,%91object Object%93&#8243; z_index_tablet=&#8221;500&#8243; \/][\/et_pb_column][\/et_pb_row][\/et_pb_section]<\/p>\n","protected":false},"excerpt":{"rendered":"","protected":false},"author":10,"featured_media":2368,"comment_status":"closed","ping_status":"closed","sticky":false,"template":"","format":"standard","meta":{"_et_pb_use_builder":"on","_et_pb_old_content":"","_et_gb_content_width":"","footnotes":""},"categories":[41],"tags":[],"class_list":["post-2622","post","type-post","status-publish","format-standard","has-post-thumbnail","hentry","category-gallery"],"yoast_head":"<!-- This site is optimized with the Yoast SEO plugin v24.6 - https:\/\/yoast.com\/wordpress\/plugins\/seo\/ -->\n<title>Folk songs and music - PartiT\u00fara - Alba Regia Szimfonikus Zenekar<\/title>\n<meta name=\"robots\" content=\"index, follow, max-snippet:-1, max-image-preview:large, max-video-preview:-1\" \/>\n<link rel=\"canonical\" href=\"https:\/\/arso.hu\/en\/nepdalok-es-muzenek-partitura\/\" \/>\n<meta property=\"og:locale\" content=\"en_US\" \/>\n<meta property=\"og:type\" content=\"article\" \/>\n<meta property=\"og:title\" content=\"Folk songs and music - PartiT\u00fara - Alba Regia Szimfonikus Zenekar\" \/>\n<meta property=\"og:url\" content=\"https:\/\/arso.hu\/en\/nepdalok-es-muzenek-partitura\/\" \/>\n<meta property=\"og:site_name\" content=\"Alba Regia Szimfonikus Zenekar\" \/>\n<meta property=\"article:published_time\" content=\"2019-11-08T11:14:48+00:00\" \/>\n<meta property=\"article:modified_time\" content=\"2019-11-08T14:39:46+00:00\" \/>\n<meta property=\"og:image\" content=\"https:\/\/arso.hu\/wp-content\/uploads\/2019\/10\/PartiTura-0004.jpg\" \/>\n\t<meta property=\"og:image:width\" content=\"1280\" \/>\n\t<meta property=\"og:image:height\" content=\"852\" \/>\n\t<meta property=\"og:image:type\" content=\"image\/jpeg\" \/>\n<meta name=\"author\" content=\"L\u0151rincz Mikl\u00f3s\" \/>\n<meta name=\"twitter:card\" content=\"summary_large_image\" \/>\n<meta name=\"twitter:label1\" content=\"Written by\" \/>\n\t<meta name=\"twitter:data1\" content=\"L\u0151rincz Mikl\u00f3s\" \/>\n\t<meta name=\"twitter:label2\" content=\"Est. reading time\" \/>\n\t<meta name=\"twitter:data2\" content=\"1 minute\" \/>\n<script type=\"application\/ld+json\" class=\"yoast-schema-graph\">{\"@context\":\"https:\/\/schema.org\",\"@graph\":[{\"@type\":\"WebPage\",\"@id\":\"https:\/\/arso.hu\/en\/nepdalok-es-muzenek-partitura\/\",\"url\":\"https:\/\/arso.hu\/en\/nepdalok-es-muzenek-partitura\/\",\"name\":\"Folk songs and music - PartiT\u00fara - Alba Regia Szimfonikus Zenekar\",\"isPartOf\":{\"@id\":\"https:\/\/arso.hu\/en\/#website\"},\"primaryImageOfPage\":{\"@id\":\"https:\/\/arso.hu\/en\/nepdalok-es-muzenek-partitura\/#primaryimage\"},\"image\":{\"@id\":\"https:\/\/arso.hu\/en\/nepdalok-es-muzenek-partitura\/#primaryimage\"},\"thumbnailUrl\":\"https:\/\/arso.hu\/wp-content\/uploads\/2019\/10\/PartiTura-0004.jpg\",\"datePublished\":\"2019-11-08T11:14:48+00:00\",\"dateModified\":\"2019-11-08T14:39:46+00:00\",\"author\":{\"@id\":\"https:\/\/arso.hu\/en\/#\/schema\/person\/62f6badcf004171096cb12f960dea52a\"},\"breadcrumb\":{\"@id\":\"https:\/\/arso.hu\/en\/nepdalok-es-muzenek-partitura\/#breadcrumb\"},\"inLanguage\":\"en-US\",\"potentialAction\":[{\"@type\":\"ReadAction\",\"target\":[\"https:\/\/arso.hu\/en\/nepdalok-es-muzenek-partitura\/\"]}]},{\"@type\":\"ImageObject\",\"inLanguage\":\"en-US\",\"@id\":\"https:\/\/arso.hu\/en\/nepdalok-es-muzenek-partitura\/#primaryimage\",\"url\":\"https:\/\/arso.hu\/wp-content\/uploads\/2019\/10\/PartiTura-0004.jpg\",\"contentUrl\":\"https:\/\/arso.hu\/wp-content\/uploads\/2019\/10\/PartiTura-0004.jpg\",\"width\":1280,\"height\":852},{\"@type\":\"BreadcrumbList\",\"@id\":\"https:\/\/arso.hu\/en\/nepdalok-es-muzenek-partitura\/#breadcrumb\",\"itemListElement\":[{\"@type\":\"ListItem\",\"position\":1,\"name\":\"Home\",\"item\":\"https:\/\/arso.hu\/en\/\"},{\"@type\":\"ListItem\",\"position\":2,\"name\":\"Folk songs and music &#8211; PartiT\u00fara\"}]},{\"@type\":\"WebSite\",\"@id\":\"https:\/\/arso.hu\/en\/#website\",\"url\":\"https:\/\/arso.hu\/en\/\",\"name\":\"Alba Regia Szimfonikus Zenekar\",\"description\":\"Min\u0151s\u00e9gi komolyzene Sz\u00e9kesfeh\u00e9rv\u00e1ron\",\"potentialAction\":[{\"@type\":\"SearchAction\",\"target\":{\"@type\":\"EntryPoint\",\"urlTemplate\":\"https:\/\/arso.hu\/en\/?s={search_term_string}\"},\"query-input\":{\"@type\":\"PropertyValueSpecification\",\"valueRequired\":true,\"valueName\":\"search_term_string\"}}],\"inLanguage\":\"en-US\"},{\"@type\":\"Person\",\"@id\":\"https:\/\/arso.hu\/en\/#\/schema\/person\/62f6badcf004171096cb12f960dea52a\",\"name\":\"L\u0151rincz Mikl\u00f3s\",\"url\":\"https:\/\/arso.hu\/en\/author\/programszervezo\/\"}]}<\/script>\n<!-- \/ Yoast SEO plugin. -->","yoast_head_json":{"title":"Folk songs and music - PartiT\u00fara - Alba Regia Szimfonikus Zenekar","robots":{"index":"index","follow":"follow","max-snippet":"max-snippet:-1","max-image-preview":"max-image-preview:large","max-video-preview":"max-video-preview:-1"},"canonical":"https:\/\/arso.hu\/en\/nepdalok-es-muzenek-partitura\/","og_locale":"en_US","og_type":"article","og_title":"Folk songs and music - PartiT\u00fara - Alba Regia Szimfonikus Zenekar","og_url":"https:\/\/arso.hu\/en\/nepdalok-es-muzenek-partitura\/","og_site_name":"Alba Regia Szimfonikus Zenekar","article_published_time":"2019-11-08T11:14:48+00:00","article_modified_time":"2019-11-08T14:39:46+00:00","og_image":[{"width":1280,"height":852,"url":"https:\/\/arso.hu\/wp-content\/uploads\/2019\/10\/PartiTura-0004.jpg","type":"image\/jpeg"}],"author":"L\u0151rincz Mikl\u00f3s","twitter_card":"summary_large_image","twitter_misc":{"Written by":"L\u0151rincz Mikl\u00f3s","Est. reading time":"1 minute"},"schema":{"@context":"https:\/\/schema.org","@graph":[{"@type":"WebPage","@id":"https:\/\/arso.hu\/en\/nepdalok-es-muzenek-partitura\/","url":"https:\/\/arso.hu\/en\/nepdalok-es-muzenek-partitura\/","name":"Folk songs and music - PartiT\u00fara - Alba Regia Szimfonikus Zenekar","isPartOf":{"@id":"https:\/\/arso.hu\/en\/#website"},"primaryImageOfPage":{"@id":"https:\/\/arso.hu\/en\/nepdalok-es-muzenek-partitura\/#primaryimage"},"image":{"@id":"https:\/\/arso.hu\/en\/nepdalok-es-muzenek-partitura\/#primaryimage"},"thumbnailUrl":"https:\/\/arso.hu\/wp-content\/uploads\/2019\/10\/PartiTura-0004.jpg","datePublished":"2019-11-08T11:14:48+00:00","dateModified":"2019-11-08T14:39:46+00:00","author":{"@id":"https:\/\/arso.hu\/en\/#\/schema\/person\/62f6badcf004171096cb12f960dea52a"},"breadcrumb":{"@id":"https:\/\/arso.hu\/en\/nepdalok-es-muzenek-partitura\/#breadcrumb"},"inLanguage":"en-US","potentialAction":[{"@type":"ReadAction","target":["https:\/\/arso.hu\/en\/nepdalok-es-muzenek-partitura\/"]}]},{"@type":"ImageObject","inLanguage":"en-US","@id":"https:\/\/arso.hu\/en\/nepdalok-es-muzenek-partitura\/#primaryimage","url":"https:\/\/arso.hu\/wp-content\/uploads\/2019\/10\/PartiTura-0004.jpg","contentUrl":"https:\/\/arso.hu\/wp-content\/uploads\/2019\/10\/PartiTura-0004.jpg","width":1280,"height":852},{"@type":"BreadcrumbList","@id":"https:\/\/arso.hu\/en\/nepdalok-es-muzenek-partitura\/#breadcrumb","itemListElement":[{"@type":"ListItem","position":1,"name":"Home","item":"https:\/\/arso.hu\/en\/"},{"@type":"ListItem","position":2,"name":"Folk songs and music &#8211; PartiT\u00fara"}]},{"@type":"WebSite","@id":"https:\/\/arso.hu\/en\/#website","url":"https:\/\/arso.hu\/en\/","name":"Alba Regia Szimfonikus Zenekar","description":"Min\u0151s\u00e9gi komolyzene Sz\u00e9kesfeh\u00e9rv\u00e1ron","potentialAction":[{"@type":"SearchAction","target":{"@type":"EntryPoint","urlTemplate":"https:\/\/arso.hu\/en\/?s={search_term_string}"},"query-input":{"@type":"PropertyValueSpecification","valueRequired":true,"valueName":"search_term_string"}}],"inLanguage":"en-US"},{"@type":"Person","@id":"https:\/\/arso.hu\/en\/#\/schema\/person\/62f6badcf004171096cb12f960dea52a","name":"L\u0151rincz Mikl\u00f3s","url":"https:\/\/arso.hu\/en\/author\/programszervezo\/"}]}},"_links":{"self":[{"href":"https:\/\/arso.hu\/en\/wp-json\/wp\/v2\/posts\/2622","targetHints":{"allow":["GET"]}}],"collection":[{"href":"https:\/\/arso.hu\/en\/wp-json\/wp\/v2\/posts"}],"about":[{"href":"https:\/\/arso.hu\/en\/wp-json\/wp\/v2\/types\/post"}],"author":[{"embeddable":true,"href":"https:\/\/arso.hu\/en\/wp-json\/wp\/v2\/users\/10"}],"replies":[{"embeddable":true,"href":"https:\/\/arso.hu\/en\/wp-json\/wp\/v2\/comments?post=2622"}],"version-history":[{"count":4,"href":"https:\/\/arso.hu\/en\/wp-json\/wp\/v2\/posts\/2622\/revisions"}],"predecessor-version":[{"id":2641,"href":"https:\/\/arso.hu\/en\/wp-json\/wp\/v2\/posts\/2622\/revisions\/2641"}],"wp:featuredmedia":[{"embeddable":true,"href":"https:\/\/arso.hu\/en\/wp-json\/wp\/v2\/media\/2368"}],"wp:attachment":[{"href":"https:\/\/arso.hu\/en\/wp-json\/wp\/v2\/media?parent=2622"}],"wp:term":[{"taxonomy":"category","embeddable":true,"href":"https:\/\/arso.hu\/en\/wp-json\/wp\/v2\/categories?post=2622"},{"taxonomy":"post_tag","embeddable":true,"href":"https:\/\/arso.hu\/en\/wp-json\/wp\/v2\/tags?post=2622"}],"curies":[{"name":"wp","href":"https:\/\/api.w.org\/{rel}","templated":true}]}}